{"id":6843,"date":"2026-08-31T09:27:01","date_gmt":"2026-08-31T09:27:01","guid":{"rendered":"https:\/\/os-omisalj.hr\/ps-dobrinj\/?p=6843"},"modified":"2026-08-31T09:28:15","modified_gmt":"2026-08-31T09:28:15","slug":"obavijest-ucenicima-za-pocetak-nastavne-godine-2026-2027","status":"publish","type":"post","link":"https:\/\/os-omisalj.hr\/ps-dobrinj\/2026\/08\/31\/obavijest-ucenicima-za-pocetak-nastavne-godine-2026-2027\/","title":{"rendered":"OBAVIJEST U\u010cENICIMA ZA PO\u010cETAK NASTAVNE GODINE 2026.\/2027."},"content":{"rendered":"\n<p>Po\u0161tovani roditelji i u\u010denici,<\/p>\n\n\n\n<p>prvi dan nastave je u ponedjeljak 7. rujna.<\/p>\n\n\n\n<p>Obavje\u0161tavamo vas o rasporedu aktivnosti:<\/p>\n\n\n\n<ul>\n<li>7:30 &#8211; Prijem prva\u0161a<\/li>\n\n\n\n<li>8:00 &#8211; Podjela ud\u017ebenika<\/li>\n\n\n\n<li>9:00 &#8211; SV Misa<\/li>\n\n\n\n<li>10:15 &#8211; Razvoz ku\u0107ama<\/li>\n<\/ul>\n\n\n\n<p>\u017delimo svima uspje\u0161an i sretan po\u010detak nove \u0161kolske godine!<\/p>\n","protected":false},"excerpt":{"rendered":"<p>Po\u0161tovani roditelji i u\u010denici, prvi dan nastave je u ponedjeljak 7. rujna. Obavje\u0161tavamo vas o rasporedu aktivnosti: \u017delimo svima uspje\u0161an i sretan po\u010detak nove \u0161kolske godine!<\/p>\n","protected":false},"author":2,"featured_media":0,"comment_status":"closed","ping_status":"closed","sticky":false,"template":"","format":"standard","meta":{"footnotes":""},"categories":[9,3],"tags":[],"_links":{"self":[{"href":"https:\/\/os-omisalj.hr\/ps-dobrinj\/wp-json\/wp\/v2\/posts\/6843"}],"collection":[{"href":"https:\/\/os-omisalj.hr\/ps-dobrinj\/wp-json\/wp\/v2\/posts"}],"about":[{"href":"https:\/\/os-omisalj.hr\/ps-dobrinj\/wp-json\/wp\/v2\/types\/post"}],"author":[{"embeddable":true,"href":"https:\/\/os-omisalj.hr\/ps-dobrinj\/wp-json\/wp\/v2\/users\/2"}],"replies":[{"embeddable":true,"href":"https:\/\/os-omisalj.hr\/ps-dobrinj\/wp-json\/wp\/v2\/comments?post=6843"}],"version-history":[{"count":2,"href":"https:\/\/os-omisalj.hr\/ps-dobrinj\/wp-json\/wp\/v2\/posts\/6843\/revisions"}],"predecessor-version":[{"id":6845,"href":"https:\/\/os-omisalj.hr\/ps-dobrinj\/wp-json\/wp\/v2\/posts\/6843\/revisions\/6845"}],"wp:attachment":[{"href":"https:\/\/os-omisalj.hr\/ps-dobrinj\/wp-json\/wp\/v2\/media?parent=6843"}],"wp:term":[{"taxonomy":"category","embeddable":true,"href":"https:\/\/os-omisalj.hr\/ps-dobrinj\/wp-json\/wp\/v2\/categories?post=6843"},{"taxonomy":"post_tag","embeddable":true,"href":"https:\/\/os-omisalj.hr\/ps-dobrinj\/wp-json\/wp\/v2\/tags?post=6843"}],"curies":[{"name":"wp","href":"https:\/\/api.w.org\/{rel}","templated":true}]}}