{"id":5765,"date":"2024-05-08T10:37:58","date_gmt":"2024-05-08T10:37:58","guid":{"rendered":"https:\/\/os-omisalj.hr\/ps-dobrinj\/?p=5765"},"modified":"2024-05-15T10:26:32","modified_gmt":"2024-05-15T10:26:32","slug":"knjizevni-susret-s-moreom-banicevic","status":"publish","type":"post","link":"https:\/\/os-omisalj.hr\/ps-dobrinj\/2024\/05\/08\/knjizevni-susret-s-moreom-banicevic\/","title":{"rendered":"Knji\u017eevni susret s Moreom Bani\u0107evi\u0107"},"content":{"rendered":"\n<p>Po\u010detkom svibnja u na\u0161oj su \u0161koli u\u010denici 5. i 6. razreda, zahvaljuju\u0107i izdava\u010dkoj ku\u0107i Naklada Ljevak, ugostili mladu i talentiranu knji\u017eevnicu Moreu Bani\u0107evi\u0107.<br>Knji\u017eevni susret s autoricom dje\u010djih horor pri\u010da i bajki zainteresirao je i odu\u0161evio ba\u0161 sve, \u010dak i one u\u010denike koji ne\u0161to rje\u0111e pose\u017eu za dobrim \u0161tivom i \u010ditanjem u slobodno vrijeme. A razgovaralo se o svemu: o glazbi, \u017eivotinjama, filmovima, video igrama, o mitovima i legendama, bajkama\u2026U\u010denike je zanimalo otkud knji\u017eevnica dobiva inspiraciju, jesu li likovi iz njezinih knjiga stvarne osobe iz \u017eivota, koliko video igre utje\u010du na njezine pri\u010de, koje su joj najdra\u017ee knjige i autori, \u010dita li stripove, kada \u0107e napisati novu knjigu\u2026 S toliko pitanja i zanimljivog razgovora sat vremena susreta pro\u0161lo je u hipu, \u0161to dovoljno govori o tome da je na\u0161a autorica prava knji\u017eevnica modernog doba &#8211; nimalo staromodna, stereotipna i dosadna. U\u010denici su ve\u0107 sutradan pohrlili u \u0161kolsku knji\u017enicu po \u201eIzgubljenog gospodina Kova\u010da\u201c, \u201eMjese\u010dare Monteriera\u201c i \u201eDemona \u0161kolske knji\u017enice\u201c koje \u0107e \u010ditati kao \u201elektiru po izboru\u201c. Zaklju\u010dili su i da bi bilo dobro po njezinim romanima snimiti filmove ili, \u010dak, napraviti video igre. Zahvaljujemo autorici \u0161to nas je posjetila i posvetila nam svoje vrijeme, kao i predstavnici Naklade Ljevak Leni Rovi\u0161 \u017dgalji\u0107 \u0161to nam je taj susret omogu\u0107ila.<\/p>\n\n\n\n<p>Morea Bani\u0107evi\u0107 ro\u0111ena je i odrasla u Rijeci. Bavi se pisanjem, \u010ditanjem, igranjem videoigara i \u0161etanjem prirodom. Voli \u017eivotinje, najvi\u0161e pse. Dosada je napisala trilogiju horora za djecu i mlade: \u201eDemon \u0161kolske knji\u017enice\u201c, \u201eDvojnici iz tame\u201c i \u201eTragovima Crnog Petra\u201c te \u201eMjese\u010dari Monteriera\u201c i horor-bajku za djecu i mlade \u201eIzgubljeni gospodin Kova\u010d\u201c. Romani su vi\u0161estruko nagra\u0111ivani i rado se \u010ditaju. \u201eDemon \u0161kolske knji\u017enice\u201c i \u201eDvojnici iz tame\u201c osvojili su nagradu \u201eSfera\u201d u kategoriji najboljeg romana za djecu, a \u201eDemon\u201c je odabran i za Nacionalni projekt za poticanje \u010ditanja i promicanje kulture \u010ditanja djece i mladih \u201e\u010citanjem do zvijezda\u201d. Roman \u201eDvojnici iz tame\u201c osvojio je nagradu \u201eGrigor Vitez Pti\u010dica\u201d za najbolji roman po izboru Dje\u010djeg \u017eirija te pohvalu nagrade \u201eGrigor Vitez\u201d za popularizaciju \u017eanra fantastike me\u0111u djecom i mladima. (https:\/\/www.ljevak.hr\/13971-morea-banicevic)<\/p>\n\n\n\n<p>Tekst i slike: Ema Jedrlini\u0107<\/p>\n\n\n\n<figure class=\"wp-block-gallery has-nested-images columns-default is-cropped wp-block-gallery-1 is-layout-flex wp-block-gallery-is-layout-flex\">\n<figure class=\"wp-block-image size-large\"><img loading=\"lazy\" decoding=\"async\" width=\"1024\" height=\"461\" data-id=\"5767\" src=\"https:\/\/os-omisalj.hr\/ps-dobrinj\/wp-content\/uploads\/2024\/05\/20240506_115413-1024x461.jpg\" alt=\"\" class=\"wp-image-5767\" srcset=\"https:\/\/os-omisalj.hr\/ps-dobrinj\/wp-content\/uploads\/2024\/05\/20240506_115413-1024x461.jpg 1024w, https:\/\/os-omisalj.hr\/ps-dobrinj\/wp-content\/uploads\/2024\/05\/20240506_115413-300x135.jpg 300w, https:\/\/os-omisalj.hr\/ps-dobrinj\/wp-content\/uploads\/2024\/05\/20240506_115413-768x346.jpg 768w, https:\/\/os-omisalj.hr\/ps-dobrinj\/wp-content\/uploads\/2024\/05\/20240506_115413-1536x691.jpg 1536w, https:\/\/os-omisalj.hr\/ps-dobrinj\/wp-content\/uploads\/2024\/05\/20240506_115413-2048x922.jpg 2048w, https:\/\/os-omisalj.hr\/ps-dobrinj\/wp-content\/uploads\/2024\/05\/20240506_115413-500x225.jpg 500w\" sizes=\"(max-width: 1024px) 100vw, 1024px\" \/><\/figure>\n\n\n\n<figure class=\"wp-block-image size-large\"><img loading=\"lazy\" decoding=\"async\" width=\"1024\" height=\"461\" data-id=\"5766\" src=\"https:\/\/os-omisalj.hr\/ps-dobrinj\/wp-content\/uploads\/2024\/05\/20240506_115358-1024x461.jpg\" alt=\"\" class=\"wp-image-5766\" srcset=\"https:\/\/os-omisalj.hr\/ps-dobrinj\/wp-content\/uploads\/2024\/05\/20240506_115358-1024x461.jpg 1024w, https:\/\/os-omisalj.hr\/ps-dobrinj\/wp-content\/uploads\/2024\/05\/20240506_115358-300x135.jpg 300w, https:\/\/os-omisalj.hr\/ps-dobrinj\/wp-content\/uploads\/2024\/05\/20240506_115358-768x346.jpg 768w, https:\/\/os-omisalj.hr\/ps-dobrinj\/wp-content\/uploads\/2024\/05\/20240506_115358-1536x691.jpg 1536w, https:\/\/os-omisalj.hr\/ps-dobrinj\/wp-content\/uploads\/2024\/05\/20240506_115358-2048x922.jpg 2048w, https:\/\/os-omisalj.hr\/ps-dobrinj\/wp-content\/uploads\/2024\/05\/20240506_115358-500x225.jpg 500w\" sizes=\"(max-width: 1024px) 100vw, 1024px\" \/><\/figure>\n<\/figure>\n\n\n\n<figure class=\"wp-block-gallery has-nested-images columns-default is-cropped wp-block-gallery-2 is-layout-flex wp-block-gallery-is-layout-flex\">\n<figure class=\"wp-block-image size-large\"><img loading=\"lazy\" decoding=\"async\" width=\"1024\" height=\"461\" data-id=\"5769\" src=\"https:\/\/os-omisalj.hr\/ps-dobrinj\/wp-content\/uploads\/2024\/05\/20240506_121833-1024x461.jpg\" alt=\"\" class=\"wp-image-5769\" srcset=\"https:\/\/os-omisalj.hr\/ps-dobrinj\/wp-content\/uploads\/2024\/05\/20240506_121833-1024x461.jpg 1024w, https:\/\/os-omisalj.hr\/ps-dobrinj\/wp-content\/uploads\/2024\/05\/20240506_121833-300x135.jpg 300w, https:\/\/os-omisalj.hr\/ps-dobrinj\/wp-content\/uploads\/2024\/05\/20240506_121833-768x346.jpg 768w, https:\/\/os-omisalj.hr\/ps-dobrinj\/wp-content\/uploads\/2024\/05\/20240506_121833-1536x691.jpg 1536w, https:\/\/os-omisalj.hr\/ps-dobrinj\/wp-content\/uploads\/2024\/05\/20240506_121833-2048x922.jpg 2048w, https:\/\/os-omisalj.hr\/ps-dobrinj\/wp-content\/uploads\/2024\/05\/20240506_121833-500x225.jpg 500w\" sizes=\"(max-width: 1024px) 100vw, 1024px\" \/><\/figure>\n\n\n\n<figure class=\"wp-block-image size-large\"><img loading=\"lazy\" decoding=\"async\" width=\"1024\" height=\"461\" data-id=\"5768\" src=\"https:\/\/os-omisalj.hr\/ps-dobrinj\/wp-content\/uploads\/2024\/05\/20240506_115439-1024x461.jpg\" alt=\"\" class=\"wp-image-5768\" srcset=\"https:\/\/os-omisalj.hr\/ps-dobrinj\/wp-content\/uploads\/2024\/05\/20240506_115439-1024x461.jpg 1024w, https:\/\/os-omisalj.hr\/ps-dobrinj\/wp-content\/uploads\/2024\/05\/20240506_115439-300x135.jpg 300w, https:\/\/os-omisalj.hr\/ps-dobrinj\/wp-content\/uploads\/2024\/05\/20240506_115439-768x346.jpg 768w, https:\/\/os-omisalj.hr\/ps-dobrinj\/wp-content\/uploads\/2024\/05\/20240506_115439-1536x691.jpg 1536w, https:\/\/os-omisalj.hr\/ps-dobrinj\/wp-content\/uploads\/2024\/05\/20240506_115439-2048x922.jpg 2048w, https:\/\/os-omisalj.hr\/ps-dobrinj\/wp-content\/uploads\/2024\/05\/20240506_115439-500x225.jpg 500w\" sizes=\"(max-width: 1024px) 100vw, 1024px\" \/><\/figure>\n<\/figure>\n\n\n\n<figure class=\"wp-block-gallery has-nested-images columns-default is-cropped wp-block-gallery-3 is-layout-flex wp-block-gallery-is-layout-flex\"><\/figure>\n","protected":false},"excerpt":{"rendered":"<p>Po\u010detkom svibnja u na\u0161oj su \u0161koli u\u010denici 5. i 6. razreda, zahvaljuju\u0107i izdava\u010dkoj ku\u0107i Naklada Ljevak, ugostili mladu i talentiranu knji\u017eevnicu Moreu Bani\u0107evi\u0107.Knji\u017eevni susret s autoricom dje\u010djih horor pri\u010da i bajki zainteresirao je i odu\u0161evio ba\u0161 sve, \u010dak i one &hellip; <a href=\"https:\/\/os-omisalj.hr\/ps-dobrinj\/2024\/05\/08\/knjizevni-susret-s-moreom-banicevic\/\">Nastavi \u010ditati <span class=\"meta-nav\">&rarr;<\/span><\/a><\/p>\n","protected":false},"author":2,"featured_media":0,"comment_status":"closed","ping_status":"open","sticky":false,"template":"","format":"standard","meta":{"footnotes":""},"categories":[9,3],"tags":[],"_links":{"self":[{"href":"https:\/\/os-omisalj.hr\/ps-dobrinj\/wp-json\/wp\/v2\/posts\/5765"}],"collection":[{"href":"https:\/\/os-omisalj.hr\/ps-dobrinj\/wp-json\/wp\/v2\/posts"}],"about":[{"href":"https:\/\/os-omisalj.hr\/ps-dobrinj\/wp-json\/wp\/v2\/types\/post"}],"author":[{"embeddable":true,"href":"https:\/\/os-omisalj.hr\/ps-dobrinj\/wp-json\/wp\/v2\/users\/2"}],"replies":[{"embeddable":true,"href":"https:\/\/os-omisalj.hr\/ps-dobrinj\/wp-json\/wp\/v2\/comments?post=5765"}],"version-history":[{"count":6,"href":"https:\/\/os-omisalj.hr\/ps-dobrinj\/wp-json\/wp\/v2\/posts\/5765\/revisions"}],"predecessor-version":[{"id":5781,"href":"https:\/\/os-omisalj.hr\/ps-dobrinj\/wp-json\/wp\/v2\/posts\/5765\/revisions\/5781"}],"wp:attachment":[{"href":"https:\/\/os-omisalj.hr\/ps-dobrinj\/wp-json\/wp\/v2\/media?parent=5765"}],"wp:term":[{"taxonomy":"category","embeddable":true,"href":"https:\/\/os-omisalj.hr\/ps-dobrinj\/wp-json\/wp\/v2\/categories?post=5765"},{"taxonomy":"post_tag","embeddable":true,"href":"https:\/\/os-omisalj.hr\/ps-dobrinj\/wp-json\/wp\/v2\/tags?post=5765"}],"curies":[{"name":"wp","href":"https:\/\/api.w.org\/{rel}","templated":true}]}}