{"id":5743,"date":"2024-04-25T06:25:37","date_gmt":"2024-04-25T06:25:37","guid":{"rendered":"https:\/\/os-omisalj.hr\/ps-dobrinj\/?p=5743"},"modified":"2024-07-01T14:53:29","modified_gmt":"2024-07-01T14:53:29","slug":"terenska-nastava-osmasa-jusp-jasenovac-cigoc-spomen-park-brezovica","status":"publish","type":"post","link":"https:\/\/os-omisalj.hr\/ps-dobrinj\/2024\/04\/25\/terenska-nastava-osmasa-jusp-jasenovac-cigoc-spomen-park-brezovica\/","title":{"rendered":"Terenska nastava osma\u0161a: JUSP Jasenovac \u2013\u010cigo\u010d \u2013 Spomen park Brezovica"},"content":{"rendered":"\n<p>Dana 8. travnja 2024. u\u010denici osmih razreda otoka Krka, koji su se istaknuli radom i izvrsnim<br>rezultatima u poznavanju sadr\u017eaja nastavnog predmeta povijesti, imali su priliku sudjelovati na terenskoj nastavi i istra\u017eiti mra\u010dnu stranu hrvatske povijesti. Terenska nastava odr\u017eala se na podru\u010dju nekada\u0161njeg koncentracijskog logora Jasenovac i Spomen\u2013parka Brezovice.<br>Organizirana je i realizirana u sklopu kurikuluma povijesti za osmi razred, po preporuci<br>Ministarstva znanosti i obrazovanja, te je dio godi\u0161njeg programa aktivnosti Aktiva u\u010ditelja<br>povijesti i Udruge antifa\u0161isti\u010dkih boraca i antifa\u0161ista otoka Krka.&nbsp;Glavni organizator i voditelj terenske nastave bio je predsjednik Udruge antifa\u0161isti\u010dkih boraca i antifa\u0161ista otoka Krka, Darko Fanuko, a financijska sredstva osigurana su od strane Ministarstva znanosti i obrazovanja i Udruge antifa\u0161isti\u010dkih boraca i antifa\u0161ista otoka Krka. Sudjelovalo je 37 u\u010denika mati\u010dne i podru\u010dnih \u0161kola \u201eFran Krsto Frankopan\u201d Krk, Osnovne \u0161kole Malinska \u2013 Duba\u0161nica i Osnovne \u0161kole Omi\u0161alj. U pratnji u\u010denika bili su u\u010ditelj i u\u010diteljice povijesti: Denis Buljat, Iva Dujmovi\u0107, Maja Brajkovi\u0107, Dina Valkovi\u0107 i Matea Kosi\u0107, u\u010diteljica razredne nastave Sanja Novosel te ravnatelj Osnovne \u0161kole \u201eFran Krsto Frankopan\u201d Krk, Ser\u0111o Sambli\u0107. Iz podru\u010dne \u0161kole Dobrinj sudjelovali su Ga\u0161per \u0160inkovec i Lucija Milanovi\u0107.<\/p>\n\n\n\n<figure class=\"wp-block-image size-full\"><img loading=\"lazy\" decoding=\"async\" width=\"758\" height=\"545\" src=\"https:\/\/os-omisalj.hr\/ps-dobrinj\/wp-content\/uploads\/2024\/04\/Screenshot-2024-04-25-082122.png\" alt=\"\" class=\"wp-image-5744\" srcset=\"https:\/\/os-omisalj.hr\/ps-dobrinj\/wp-content\/uploads\/2024\/04\/Screenshot-2024-04-25-082122.png 758w, https:\/\/os-omisalj.hr\/ps-dobrinj\/wp-content\/uploads\/2024\/04\/Screenshot-2024-04-25-082122-300x216.png 300w, https:\/\/os-omisalj.hr\/ps-dobrinj\/wp-content\/uploads\/2024\/04\/Screenshot-2024-04-25-082122-417x300.png 417w\" sizes=\"(max-width: 758px) 100vw, 758px\" \/><\/figure>\n\n\n\n<p>Jasenovac, najve\u0107i koncentracijski logor i simbol usta\u0161ke strahovlade, danas je mjesto gdje djeluje Javna ustanova Spomen podru\u010dje Jasenovac. Osnovni je cilj njenog postojanja \u010duvanje i prezentiranje gra\u0111e koja svjedo\u010di postojanju koncentracijskog logora i po\u010dinjenim zlo\u010dinima na podru\u010dju NDH, \u010duvanju uspomena na sve \u017ertve usta\u0161kog re\u017eima te poziv na pomirenje i su\u017eivot u razli\u010ditosti.&nbsp;U\u010denici su se pod stru\u010dnim vodstvom kustosice Martine Bare\u0161i\u0107 upoznali s glavnim sadr\u017eajima nekada\u0161njeg logora, suo\u010dili s tragi\u010dnim sudbinama logora\u0161a i upotpunili svoja znanja brojnim zanimljivim i va\u017enim \u010dinjenicama na\u0161e povijesti. Imali su priliku vidjeti rekonstrukciju kompozicije vlaka kojim su stizali logora\u0161i te Cvijet, golemi spomenik \u010diji je autor Bogdan Bogdanovi\u0107, a posve\u0107en je svim \u017ertvama koncentracijskog logora. Nakon zajedni\u010dkog obilaska, u\u010denici su se podijelili u grupe i krenuli u istra\u017eivanje Memorijalnog muzeja. Vo\u0111eni postavljenim pitanjima i uputama pronalazili su eksponate, analizirali ih i donosili zaklju\u010dke. Vidjev\u0161i osobne stvari logora\u0161a, predmete koji su se koristili unutar logora kao i brojne dnevni\u010dke zapise u\u010denici su mogli dublje i jasnije pojmiti povijesne \u010dinjenice i pojedina\u010dne tragi\u010dne sudbine. Naposljetku su svoj rad ponosno prezentirali. Teme koje su bile obra\u0111ene su: Nezavisna Dr\u017eava Hrvatska, rasni zakoni, zato\u010denici, dehumanizacija, prehrana logora\u0161a, proboj\u2026 Unato\u010d vrlo potresnim<br>saznanjima, rastali smo se u vedrom duhu i samo s jednom mi\u0161lju \u2013 Ovo se vi\u0161e nikada ne smije ponoviti!<br>Uslijedila je ugodna vo\u017enja Lonjskim poljem. Pred nama su se prostirale nepregledne ravnice suncem okupane. Masla\u010dci su krasili zelene livade, a oranice upijale svaku zraku travanjskog sunca. Osobiti \u0161tih ovome kraju daje tipi\u010dna posavska tradicionalna arhitektura drvenih ku\u0107ica. Posebno nam je zanimljivo bilo selo roda \u010cigo\u010d gdje se gotovo na svakoj ku\u0107i ili staji nalazi rodino gnijezdo. Rode su se upravo vratile iz ju\u017enih krajeva pa smo ih u velikom broju mogli i vidjeti. Nakon ukusnog ru\u010dka i kratkog dru\u017eenja uputili smo se prema obli\u017enjem Spomen parku Brezovici gdje je 22. lipnja 1941. osnovan Prvi sisa\u010dki partizanski odred.<\/p>\n\n\n\n<p>U znak sje\u0107anja svake se godine toga dana obilje\u017eava Dan antifa\u0161isti\u010dke borbe. U Spomen parku do\u010dekala nas je delegacija Udruge antifa\u0161isti\u010dkih boraca i antifa\u0161ista Brezovica iz Siska predvo\u0111ena Zoranom Rastovcem koji nas je na vrlo zanimljiv na\u010din upoznao s osnovnim prirodno-geografskim i povijesnim obilje\u017ejima ovoga kraja. U\u010denici su<br>polo\u017eili vijenac i zapalili svije\u0107u u spomen na sve tragi\u010dno izgubljene \u017eivote tijekom Drugog<br>svjetskog rata. Zaroniv\u0161i u mra\u010dnu stranu na\u0161e pro\u0161losti spoznali smo da je prostor na\u0161e domovine bio popri\u0161te razli\u010ditih interesa i politika \u0161to je rezultiralo mr\u017enjom i velikim brojem uzalud izgubljenih \u017eivota. Razli\u010ditost nikako ne bi trebala biti uzrok mr\u017enji i sukobima. Razli\u010ditost je bogatstvo koje oplemenjuje i poti\u010de stvaranje kreativnijeg, sna\u017enijeg i boljeg dru\u0161tva. Ne dopustite da vas uvjere u suprotno.<br>Matea Kosi\u0107<\/p>\n","protected":false},"excerpt":{"rendered":"<p>Dana 8. travnja 2024. u\u010denici osmih razreda otoka Krka, koji su se istaknuli radom i izvrsnimrezultatima u poznavanju sadr\u017eaja nastavnog predmeta povijesti, imali su priliku sudjelovati na terenskoj nastavi i istra\u017eiti mra\u010dnu stranu hrvatske povijesti. Terenska nastava odr\u017eala se na &hellip; <a href=\"https:\/\/os-omisalj.hr\/ps-dobrinj\/2024\/04\/25\/terenska-nastava-osmasa-jusp-jasenovac-cigoc-spomen-park-brezovica\/\">Nastavi \u010ditati <span class=\"meta-nav\">&rarr;<\/span><\/a><\/p>\n","protected":false},"author":2,"featured_media":0,"comment_status":"closed","ping_status":"closed","sticky":false,"template":"","format":"standard","meta":{"footnotes":""},"categories":[9,3],"tags":[],"_links":{"self":[{"href":"https:\/\/os-omisalj.hr\/ps-dobrinj\/wp-json\/wp\/v2\/posts\/5743"}],"collection":[{"href":"https:\/\/os-omisalj.hr\/ps-dobrinj\/wp-json\/wp\/v2\/posts"}],"about":[{"href":"https:\/\/os-omisalj.hr\/ps-dobrinj\/wp-json\/wp\/v2\/types\/post"}],"author":[{"embeddable":true,"href":"https:\/\/os-omisalj.hr\/ps-dobrinj\/wp-json\/wp\/v2\/users\/2"}],"replies":[{"embeddable":true,"href":"https:\/\/os-omisalj.hr\/ps-dobrinj\/wp-json\/wp\/v2\/comments?post=5743"}],"version-history":[{"count":5,"href":"https:\/\/os-omisalj.hr\/ps-dobrinj\/wp-json\/wp\/v2\/posts\/5743\/revisions"}],"predecessor-version":[{"id":5759,"href":"https:\/\/os-omisalj.hr\/ps-dobrinj\/wp-json\/wp\/v2\/posts\/5743\/revisions\/5759"}],"wp:attachment":[{"href":"https:\/\/os-omisalj.hr\/ps-dobrinj\/wp-json\/wp\/v2\/media?parent=5743"}],"wp:term":[{"taxonomy":"category","embeddable":true,"href":"https:\/\/os-omisalj.hr\/ps-dobrinj\/wp-json\/wp\/v2\/categories?post=5743"},{"taxonomy":"post_tag","embeddable":true,"href":"https:\/\/os-omisalj.hr\/ps-dobrinj\/wp-json\/wp\/v2\/tags?post=5743"}],"curies":[{"name":"wp","href":"https:\/\/api.w.org\/{rel}","templated":true}]}}