{"id":5736,"date":"2024-04-15T09:23:53","date_gmt":"2024-04-15T09:23:53","guid":{"rendered":"https:\/\/os-omisalj.hr\/ps-dobrinj\/?p=5736"},"modified":"2024-07-01T14:53:38","modified_gmt":"2024-07-01T14:53:38","slug":"petasi-i-sestasi-radionicama-obiljezili-svjetski-dan-poezije-i-svjetski-danpripovijedanja","status":"publish","type":"post","link":"https:\/\/os-omisalj.hr\/ps-dobrinj\/2024\/04\/15\/petasi-i-sestasi-radionicama-obiljezili-svjetski-dan-poezije-i-svjetski-danpripovijedanja\/","title":{"rendered":"Peta\u0161i i \u0161esta\u0161i radionicama obilje\u017eili Svjetski dan poezije i Svjetski danpripovijedanja"},"content":{"rendered":"\n<p>U sklopu projektnih aktivnosti eTwinning Uz \u010ditanje rije\u010di rastu 4, u\u010denici su<br>aktivno sudjelovali u zadatcima koji su pred njih postavljeni.<br>Peta\u0161i su obilje\u017eili Svjetski dan poezije (21. o\u017eujka) kreativnom radionicom<br>izrade lirskih pejza\u017enih pjesama suradni\u010dkim radom u paru. Zadatak je bio<br>osmisliti pjesmu suradnjom \u0161to \u010desto i nije lagan zadatak. Svoje su pjesme<br>zatim i vizualizirali pa smo napravili i Proljetnu pjesmaricu koju mo\u017eete<br>prolistati ovdje.<br>\u0160esta\u0161i su obilje\u017eili Svjetski dan pripovijedanja (20. o\u017eujka) kreativnom<br>radionicom izrade bajki suradni\u010dkim radom u grupi. Zadatak je bio osmisliti<br>zanimljivu pri\u010du uz pomo\u0107 karata te tu pri\u010du predstaviti ostatku razreda.<br>U\u010denici su u obje radionice pokazali \u017eelju za radom u grupama, dobro su<br>sura\u0111ivali i napravili su izvrsne radove.<\/p>\n\n\n\n<p><a href=\"https:\/\/read.bookcreator.com\/h1KmWTNjUsf2xHmOF4qrVYWjw3D3\/v8seoR4WR46oPdhfnVr2GQ\" data-type=\"URL\" data-id=\"https:\/\/read.bookcreator.com\/h1KmWTNjUsf2xHmOF4qrVYWjw3D3\/v8seoR4WR46oPdhfnVr2GQ\">ONLINE KNJIGA<\/a><\/p>\n\n\n\n<figure class=\"wp-block-image size-large\"><img loading=\"lazy\" decoding=\"async\" width=\"724\" height=\"1024\" src=\"https:\/\/os-omisalj.hr\/ps-dobrinj\/wp-content\/uploads\/2024\/04\/p-724x1024.jpg\" alt=\"\" class=\"wp-image-5737\" srcset=\"https:\/\/os-omisalj.hr\/ps-dobrinj\/wp-content\/uploads\/2024\/04\/p-724x1024.jpg 724w, https:\/\/os-omisalj.hr\/ps-dobrinj\/wp-content\/uploads\/2024\/04\/p-212x300.jpg 212w, https:\/\/os-omisalj.hr\/ps-dobrinj\/wp-content\/uploads\/2024\/04\/p-768x1086.jpg 768w, https:\/\/os-omisalj.hr\/ps-dobrinj\/wp-content\/uploads\/2024\/04\/p-1086x1536.jpg 1086w, https:\/\/os-omisalj.hr\/ps-dobrinj\/wp-content\/uploads\/2024\/04\/p-1448x2048.jpg 1448w, https:\/\/os-omisalj.hr\/ps-dobrinj\/wp-content\/uploads\/2024\/04\/p.jpg 1587w\" sizes=\"(max-width: 724px) 100vw, 724px\" \/><\/figure>\n\n\n\n<figure class=\"wp-block-image size-large\"><img loading=\"lazy\" decoding=\"async\" width=\"768\" height=\"1024\" src=\"https:\/\/os-omisalj.hr\/ps-dobrinj\/wp-content\/uploads\/2024\/04\/pripovijedanje-768x1024.jpg\" alt=\"\" class=\"wp-image-5738\" srcset=\"https:\/\/os-omisalj.hr\/ps-dobrinj\/wp-content\/uploads\/2024\/04\/pripovijedanje-768x1024.jpg 768w, https:\/\/os-omisalj.hr\/ps-dobrinj\/wp-content\/uploads\/2024\/04\/pripovijedanje-225x300.jpg 225w, https:\/\/os-omisalj.hr\/ps-dobrinj\/wp-content\/uploads\/2024\/04\/pripovijedanje-1152x1536.jpg 1152w, https:\/\/os-omisalj.hr\/ps-dobrinj\/wp-content\/uploads\/2024\/04\/pripovijedanje-1536x2048.jpg 1536w, https:\/\/os-omisalj.hr\/ps-dobrinj\/wp-content\/uploads\/2024\/04\/pripovijedanje-scaled.jpg 1920w\" sizes=\"(max-width: 768px) 100vw, 768px\" \/><\/figure>\n\n\n\n<figure class=\"wp-block-image size-large\"><img loading=\"lazy\" decoding=\"async\" width=\"724\" height=\"1024\" src=\"https:\/\/os-omisalj.hr\/ps-dobrinj\/wp-content\/uploads\/2024\/04\/pro-724x1024.jpg\" alt=\"\" class=\"wp-image-5739\" srcset=\"https:\/\/os-omisalj.hr\/ps-dobrinj\/wp-content\/uploads\/2024\/04\/pro-724x1024.jpg 724w, https:\/\/os-omisalj.hr\/ps-dobrinj\/wp-content\/uploads\/2024\/04\/pro-212x300.jpg 212w, https:\/\/os-omisalj.hr\/ps-dobrinj\/wp-content\/uploads\/2024\/04\/pro-768x1086.jpg 768w, https:\/\/os-omisalj.hr\/ps-dobrinj\/wp-content\/uploads\/2024\/04\/pro-1086x1536.jpg 1086w, https:\/\/os-omisalj.hr\/ps-dobrinj\/wp-content\/uploads\/2024\/04\/pro-1448x2048.jpg 1448w, https:\/\/os-omisalj.hr\/ps-dobrinj\/wp-content\/uploads\/2024\/04\/pro.jpg 1587w\" sizes=\"(max-width: 724px) 100vw, 724px\" \/><\/figure>\n\n\n\n<figure class=\"wp-block-image size-large\"><img loading=\"lazy\" decoding=\"async\" width=\"724\" height=\"1024\" src=\"https:\/\/os-omisalj.hr\/ps-dobrinj\/wp-content\/uploads\/2024\/04\/radionica-bajke--724x1024.jpg\" alt=\"\" class=\"wp-image-5740\" srcset=\"https:\/\/os-omisalj.hr\/ps-dobrinj\/wp-content\/uploads\/2024\/04\/radionica-bajke--724x1024.jpg 724w, https:\/\/os-omisalj.hr\/ps-dobrinj\/wp-content\/uploads\/2024\/04\/radionica-bajke--212x300.jpg 212w, https:\/\/os-omisalj.hr\/ps-dobrinj\/wp-content\/uploads\/2024\/04\/radionica-bajke--768x1086.jpg 768w, https:\/\/os-omisalj.hr\/ps-dobrinj\/wp-content\/uploads\/2024\/04\/radionica-bajke--1086x1536.jpg 1086w, https:\/\/os-omisalj.hr\/ps-dobrinj\/wp-content\/uploads\/2024\/04\/radionica-bajke--1448x2048.jpg 1448w, https:\/\/os-omisalj.hr\/ps-dobrinj\/wp-content\/uploads\/2024\/04\/radionica-bajke-.jpg 1587w\" sizes=\"(max-width: 724px) 100vw, 724px\" \/><\/figure>\n","protected":false},"excerpt":{"rendered":"<p>U sklopu projektnih aktivnosti eTwinning Uz \u010ditanje rije\u010di rastu 4, u\u010denici suaktivno sudjelovali u zadatcima koji su pred njih postavljeni.Peta\u0161i su obilje\u017eili Svjetski dan poezije (21. o\u017eujka) kreativnom radionicomizrade lirskih pejza\u017enih pjesama suradni\u010dkim radom u paru. Zadatak je bioosmisliti pjesmu &hellip; <a href=\"https:\/\/os-omisalj.hr\/ps-dobrinj\/2024\/04\/15\/petasi-i-sestasi-radionicama-obiljezili-svjetski-dan-poezije-i-svjetski-danpripovijedanja\/\">Nastavi \u010ditati <span class=\"meta-nav\">&rarr;<\/span><\/a><\/p>\n","protected":false},"author":2,"featured_media":0,"comment_status":"closed","ping_status":"closed","sticky":false,"template":"","format":"standard","meta":{"footnotes":""},"categories":[9,3],"tags":[],"_links":{"self":[{"href":"https:\/\/os-omisalj.hr\/ps-dobrinj\/wp-json\/wp\/v2\/posts\/5736"}],"collection":[{"href":"https:\/\/os-omisalj.hr\/ps-dobrinj\/wp-json\/wp\/v2\/posts"}],"about":[{"href":"https:\/\/os-omisalj.hr\/ps-dobrinj\/wp-json\/wp\/v2\/types\/post"}],"author":[{"embeddable":true,"href":"https:\/\/os-omisalj.hr\/ps-dobrinj\/wp-json\/wp\/v2\/users\/2"}],"replies":[{"embeddable":true,"href":"https:\/\/os-omisalj.hr\/ps-dobrinj\/wp-json\/wp\/v2\/comments?post=5736"}],"version-history":[{"count":1,"href":"https:\/\/os-omisalj.hr\/ps-dobrinj\/wp-json\/wp\/v2\/posts\/5736\/revisions"}],"predecessor-version":[{"id":5741,"href":"https:\/\/os-omisalj.hr\/ps-dobrinj\/wp-json\/wp\/v2\/posts\/5736\/revisions\/5741"}],"wp:attachment":[{"href":"https:\/\/os-omisalj.hr\/ps-dobrinj\/wp-json\/wp\/v2\/media?parent=5736"}],"wp:term":[{"taxonomy":"category","embeddable":true,"href":"https:\/\/os-omisalj.hr\/ps-dobrinj\/wp-json\/wp\/v2\/categories?post=5736"},{"taxonomy":"post_tag","embeddable":true,"href":"https:\/\/os-omisalj.hr\/ps-dobrinj\/wp-json\/wp\/v2\/tags?post=5736"}],"curies":[{"name":"wp","href":"https:\/\/api.w.org\/{rel}","templated":true}]}}